{"id":293,"date":"2025-02-09T19:58:26","date_gmt":"2025-02-09T22:58:26","guid":{"rendered":"https:\/\/alvarengaelucioadv.com.br\/blog\/?p=293"},"modified":"2025-02-09T19:58:26","modified_gmt":"2025-02-09T22:58:26","slug":"como-recuperar-perfil-hackeado-no-instagram-e-facebook-e-ainda-ser-indenizado","status":"publish","type":"post","link":"https:\/\/alvarengaelucioadv.com.br\/blog\/como-recuperar-perfil-hackeado-no-instagram-e-facebook-e-ainda-ser-indenizado\/","title":{"rendered":"Como recuperar perfil hackeado no Instagram e Facebook e ainda ser indenizado ?"},"content":{"rendered":"<p>Muitos empreendedores e digital influencers necessitam do Instagram ou de outras redes sociais para trabalharem, seja para vender produtos, prospectar clientes ou gerar engajamento e ganhar com marketing, por isso quando ocorre a perda da conta por motivo de hackeamento\/invas\u00e3o pode bater um certo desespero.<\/p>\n<p>Visando o n\u00famero alto de seguidores das contas, cada vez mais os criminosos est\u00e3o tentando arrumar novas formas de burlar os mecanismos de seguran\u00e7a e poderem fazer acesso indevido a conta dos usu\u00e1rios, podendo aplicar chantagem para a devolu\u00e7\u00e3o da conta ou uma tentativa de aplicar golpes nos seguidores.<\/p>\n<p>E em alguns casos o titular da conta n\u00e3o consegue a recupera\u00e7\u00e3o do acesso ao perfil administrativamente junto a rede social, o que acaba gerando um grande transtorno e o medo de achar que ter\u00e1 que recome\u00e7ar todo o engajamento do 0.<\/p>\n<p>Por tal motivo, muitos usu\u00e1rios das redes sociais buscaram aux\u00edlio dos advogados, especialistas em Direito Digital, para buscarem a recupera\u00e7\u00e3o de suas contas atrav\u00e9s do poder judici\u00e1rio.<\/p>\n<p>Nesses caso \u00e9 poss\u00edvel a propositura de A\u00e7\u00e3o Judicial para determinar que a rede social bloqueie o acesso indevido do invasor e restabele\u00e7a a conta ao devido titular, e para isto ser\u00e1 necess\u00e1rio fazer a prova de que o autor da a\u00e7\u00e3o era o verdadeiro titular da conta hackeada\/invadida.<\/p>\n<p>O caso a seguir demonstra a efetividade de tal medida:<\/p>\n<p><strong><i>RESPONSABILIDADE CIVIL &#8211; PRESTA\u00c7\u00c3O DE SERVI\u00c7OS &#8211; OBRIGA\u00c7\u00c3O DE FAZER &#8211; DANOS MORAIS<\/i><\/strong><i> &#8211; Autor \u00e9 titular de perfil do aplicativo Instagram &#8220;@lascanepop&#8221; &#8211; Terceiros obtiveram acesso ao perfil e modificaram a senha e e-mail da conta &#8211; Falha no sistema de seguran\u00e7a da Requerida, impossibilitando o acesso do Autor ao perfil &#8211; Ausentes mecanismos extrajudiciais de recupera\u00e7\u00e3o da conta pelo Autor &#8211; Caracterizada a falha na presta\u00e7\u00e3o dos servi\u00e7os &#8211; Presente o dever de indenizar &#8211; SENTEN\u00c7A DE PROCED\u00caNCIA, para confirmar a tutela provis\u00f3ria (que determinou que a Requerida &#8220;restabele\u00e7a a conta do Autor na plataforma Instagram, retirando o acesso do invasor e entregando o dom\u00ednio do perfil ao demandante&#8221;), e para condenar a Requerida ao pagamento de indeniza\u00e7\u00e3o por danos morais no valor de R$ 10.000,00 &#8211; RECURSO DA REQUERIDA IMPROVIDO<\/i><\/p>\n<p><i>(TJ-SP &#8211; <a class=\"entity-cite\" href=\"https:\/\/tj-sp.jusbrasil.com.br\/jurisprudencia\/1526917390\/apelacao-civel-ac-10023394320218260562-sp-1002339-4320218260562\" rel=\"JURISPRUDENCIA_1526917390\">AC: 10023394320218260562 SP<\/a> <a class=\"entity-cite\" href=\"https:\/\/www.jusbrasil.com.br\/consulta-processual\/goto\/1002339-43.2021.8.26.0562\" rel=\"JURISPRUDENCIA_1526917390,TOPICOS_379635035\">1002339-43.2021.8.26.0562<\/a>, Relator: Flavio Abramovici, Data de Julgamento: 30\/05\/2022, 35\u00aa C\u00e2mara de Direito Privado, Data de Publica\u00e7\u00e3o: 30\/05\/2022)<\/i><\/p>\n<p>Ademais, na a\u00e7\u00e3o judicial poder\u00e1 tamb\u00e9m ser solicitado ao ju\u00edzo que obrigue a rede social a informar os IPs (Internet Protocol) de acesso do invasor para que depois de um trabalho investigativo possa se descobrir quem foi o autor da invas\u00e3o ao perfil.<\/p>\n<p>\u00c9 poss\u00edvel tamb\u00e9m, em alguns casos em que fica evidente a falha na presta\u00e7\u00e3o do servi\u00e7o por parte da rede social em resolver ou impedir o problema, pleitear por indeniza\u00e7\u00f5es por danos materiais e morais.<\/p>\n<p>&nbsp;<\/p>\n<p>&nbsp;<\/p>\n<p>Guilherme L\u00facio Alves Ferreira<\/p>\n<p>Especialista em Direito Digital<\/p>\n<p>OAB 475.318<\/p>\n<p>Tel. (11) 93219-6499<\/p>\n<p>Insta. @Guilhermelucio.adv<\/p>\n","protected":false},"excerpt":{"rendered":"<p>Muitos empreendedores e digital influencers necessitam do Instagram ou de outras redes sociais para trabalharem, seja para vender produtos, prospectar clientes ou gerar engajamento e ganhar com marketing, por isso quando ocorre a perda da conta por motivo de hackeamento\/invas\u00e3o pode bater um certo desespero. Visando o n\u00famero alto de seguidores das contas, cada vez&hellip;&nbsp;<a href=\"https:\/\/alvarengaelucioadv.com.br\/blog\/como-recuperar-perfil-hackeado-no-instagram-e-facebook-e-ainda-ser-indenizado\/\" rel=\"bookmark\">Continue a ler &raquo;<span class=\"screen-reader-text\">Como recuperar perfil hackeado no Instagram e Facebook e ainda ser indenizado ?<\/span><\/a><\/p>\n","protected":false},"author":2,"featured_media":294,"comment_status":"open","ping_status":"open","sticky":false,"template":"","format":"standard","meta":{"neve_meta_sidebar":"","neve_meta_container":"","neve_meta_enable_content_width":"","neve_meta_content_width":0,"neve_meta_title_alignment":"","neve_meta_author_avatar":"","neve_post_elements_order":"","neve_meta_disable_header":"","neve_meta_disable_footer":"","neve_meta_disable_title":"","footnotes":""},"categories":[1],"tags":[],"class_list":["post-293","post","type-post","status-publish","format-standard","has-post-thumbnail","hentry","category-blog"],"_links":{"self":[{"href":"https:\/\/alvarengaelucioadv.com.br\/blog\/wp-json\/wp\/v2\/posts\/293","targetHints":{"allow":["GET"]}}],"collection":[{"href":"https:\/\/alvarengaelucioadv.com.br\/blog\/wp-json\/wp\/v2\/posts"}],"about":[{"href":"https:\/\/alvarengaelucioadv.com.br\/blog\/wp-json\/wp\/v2\/types\/post"}],"author":[{"embeddable":true,"href":"https:\/\/alvarengaelucioadv.com.br\/blog\/wp-json\/wp\/v2\/users\/2"}],"replies":[{"embeddable":true,"href":"https:\/\/alvarengaelucioadv.com.br\/blog\/wp-json\/wp\/v2\/comments?post=293"}],"version-history":[{"count":1,"href":"https:\/\/alvarengaelucioadv.com.br\/blog\/wp-json\/wp\/v2\/posts\/293\/revisions"}],"predecessor-version":[{"id":295,"href":"https:\/\/alvarengaelucioadv.com.br\/blog\/wp-json\/wp\/v2\/posts\/293\/revisions\/295"}],"wp:featuredmedia":[{"embeddable":true,"href":"https:\/\/alvarengaelucioadv.com.br\/blog\/wp-json\/wp\/v2\/media\/294"}],"wp:attachment":[{"href":"https:\/\/alvarengaelucioadv.com.br\/blog\/wp-json\/wp\/v2\/media?parent=293"}],"wp:term":[{"taxonomy":"category","embeddable":true,"href":"https:\/\/alvarengaelucioadv.com.br\/blog\/wp-json\/wp\/v2\/categories?post=293"},{"taxonomy":"post_tag","embeddable":true,"href":"https:\/\/alvarengaelucioadv.com.br\/blog\/wp-json\/wp\/v2\/tags?post=293"}],"curies":[{"name":"wp","href":"https:\/\/api.w.org\/{rel}","templated":true}]}}